{"id":284563,"date":"2026-08-31T17:34:00","date_gmt":"2026-08-31T20:34:00","guid":{"rendered":"https:\/\/losangeles.udec.cl\/?p=284563"},"modified":"2026-08-31T15:13:56","modified_gmt":"2026-08-31T18:13:56","slug":"estudiantes-de-enfermeria-fortalecen-su-formacion-a-traves-de-experiencias-de-intercambio-internacional","status":"publish","type":"post","link":"https:\/\/losangeles.udec.cl\/index.php\/2026\/08\/31\/estudiantes-de-enfermeria-fortalecen-su-formacion-a-traves-de-experiencias-de-intercambio-internacional\/","title":{"rendered":"Estudiantes de Enfermer\u00eda fortalecen su formaci\u00f3n a trav\u00e9s de experiencias de intercambio internacional"},"content":{"rendered":"\n<p class=\"has-white-color has-midnight-gradient-background has-text-color has-background has-link-color wp-elements-1 wp-block-paragraph\">Dos experiencias de movilidad internacional destacan actualmente en la carrera de Enfermer\u00eda del Campus Los \u00c1ngeles. Mientras la estudiante mexicana Norma Ang\u00e9lica Reyes Juan, de la Universidad Aut\u00f3noma del Estado de M\u00e9xico, realiza un intercambio acad\u00e9mico en la Universidad de Concepci\u00f3n, la estudiante Antonia M\u00e9ndez Montoya se prepara para cursar un semestre en Espa\u00f1a.<\/p>\n\n\n\n<p class=\"wp-block-paragraph\">Norma Reyes, lleg\u00f3 a Chile hace aproximadamente tres semanas y permanecer\u00e1 en el Campus Los \u00c1ngeles hasta el 1 de enero, integr\u00e1ndose a las actividades acad\u00e9micas y compartiendo con estudiantes de la carrera.<\/p>\n\n\n\n<p class=\"wp-block-paragraph\">La estudiante escogi\u00f3 Chile entre distintas alternativas de intercambio disponibles a trav\u00e9s de su universidad, motivada por la posibilidad de conocer una nueva realidad acad\u00e9mica y cultural. \u201cLa verdad es que es muy bonita, es muy agradable. La gente de ac\u00e1 de Chile es muy amigable, muy amable y mis compa\u00f1eros y el curso me han recibido de una forma muy c\u00e1lida\u201d, se\u00f1al\u00f3.<\/p>\n\n\n\n<p class=\"wp-block-paragraph\">Entre sus principales expectativas se encuentra fortalecer tanto su desarrollo acad\u00e9mico como personal. \u201cMis expectativas son poder crecer tanto personalmente como acad\u00e9micamente, aprender de cada persona, de cada maestro con el que me pueda llegar a relacionar\u201d, coment\u00f3.<\/p>\n\n\n\n<p class=\"wp-block-paragraph\">Por otra parte, Antonia M\u00e9ndez Montoya, estudiante de Enfermer\u00eda del Campus Los \u00c1ngeles, cursar\u00e1 entre septiembre de 2026 y febrero de 2027 un semestre acad\u00e9mico en la Universidad de Granada, Espa\u00f1a, gracias a la beca UdeC Global.<\/p>\n\n\n\n<p class=\"wp-block-paragraph\">Para la decana de la Facultad de Enfermer\u00eda, Vivian Jofre Aravena, ambas experiencias reflejan el valor de la movilidad internacional para la formaci\u00f3n de futuros profesionales.<\/p>\n\n\n\n<p class=\"wp-block-paragraph\">\u201cPara nosotros es s\u00faper importante, primero, que nuestros estudiantes puedan salir y conocer una realidad distinta, y recibir estudiantes de otras universidades tambi\u00e9n es provechoso para nuestra comunidad\u201d, explic\u00f3.<\/p>\n\n\n\n<p class=\"wp-block-paragraph\">La acad\u00e9mica destac\u00f3 que estos intercambios permiten ampliar la mirada de los estudiantes frente a los desaf\u00edos de la profesi\u00f3n, considerando que las problem\u00e1ticas de salud trascienden las fronteras. \u201cLos problemas de salud tienen que ver con lo regional, lo nacional, pero tambi\u00e9n con la regi\u00f3n de Latinoam\u00e9rica. El mundo cada vez es m\u00e1s peque\u00f1o, es todo un tema de salud global\u201d, se\u00f1al\u00f3.<\/p>\n\n\n\n<p class=\"wp-block-paragraph\">Asimismo, valor\u00f3 el apoyo institucional a la movilidad estudiantil. \u201cCon esta oportunidad que est\u00e1 dando la Universidad de apoyar a los estudiantes a salir, es una tremenda fortaleza, porque adem\u00e1s tambi\u00e9n nos muestra como una universidad que internacionaliza\u201d, sostuvo.<\/p>\n\n\n\n<figure class=\"wp-block-gallery has-nested-images columns-default is-cropped wp-block-gallery-1 is-layout-flex wp-block-gallery-is-layout-flex\">\n<figure class=\"wp-block-image size-large\"><img loading=\"lazy\" decoding=\"async\" width=\"1000\" height=\"890\" data-id=\"284564\" src=\"https:\/\/losangeles.udec.cl\/wp-content\/uploads\/2026\/08\/IMG_5878.jpg\" alt=\"\" class=\"wp-image-284564\" srcset=\"https:\/\/losangeles.udec.cl\/wp-content\/uploads\/2026\/08\/IMG_5878.jpg 1000w, https:\/\/losangeles.udec.cl\/wp-content\/uploads\/2026\/08\/IMG_5878-980x872.jpg 980w, https:\/\/losangeles.udec.cl\/wp-content\/uploads\/2026\/08\/IMG_5878-480x427.jpg 480w\" sizes=\"(min-width: 0px) and (max-width: 480px) 480px, (min-width: 481px) and (max-width: 980px) 980px, (min-width: 981px) 1000px, 100vw\" \/><\/figure>\n<\/figure>\n","protected":false},"excerpt":{"rendered":"<p>Dos experiencias de movilidad internacional destacan actualmente en la carrera de Enfermer\u00eda del Campus Los \u00c1ngeles. Mientras la estudiante mexicana Norma Ang\u00e9lica Reyes Juan, de la Universidad Aut\u00f3noma del Estado [&hellip;]<\/p>\n","protected":false},"author":8,"featured_media":284564,"comment_status":"open","ping_status":"open","sticky":false,"template":"","format":"standard","meta":{"_et_pb_use_builder":"off","_et_pb_old_content":"","_et_gb_content_width":"","footnotes":""},"categories":[7],"tags":[39,48,20,19,49],"class_list":["post-284563","post","type-post","status-publish","format-standard","has-post-thumbnail","hentry","category-noticias","tag-campus","tag-los-angeles-2","tag-los-angeles","tag-udec","tag-universidad-de-concepcion"],"_links":{"self":[{"href":"https:\/\/losangeles.udec.cl\/index.php\/wp-json\/wp\/v2\/posts\/284563","targetHints":{"allow":["GET"]}}],"collection":[{"href":"https:\/\/losangeles.udec.cl\/index.php\/wp-json\/wp\/v2\/posts"}],"about":[{"href":"https:\/\/losangeles.udec.cl\/index.php\/wp-json\/wp\/v2\/types\/post"}],"author":[{"embeddable":true,"href":"https:\/\/losangeles.udec.cl\/index.php\/wp-json\/wp\/v2\/users\/8"}],"replies":[{"embeddable":true,"href":"https:\/\/losangeles.udec.cl\/index.php\/wp-json\/wp\/v2\/comments?post=284563"}],"version-history":[{"count":1,"href":"https:\/\/losangeles.udec.cl\/index.php\/wp-json\/wp\/v2\/posts\/284563\/revisions"}],"predecessor-version":[{"id":284565,"href":"https:\/\/losangeles.udec.cl\/index.php\/wp-json\/wp\/v2\/posts\/284563\/revisions\/284565"}],"wp:featuredmedia":[{"embeddable":true,"href":"https:\/\/losangeles.udec.cl\/index.php\/wp-json\/wp\/v2\/media\/284564"}],"wp:attachment":[{"href":"https:\/\/losangeles.udec.cl\/index.php\/wp-json\/wp\/v2\/media?parent=284563"}],"wp:term":[{"taxonomy":"category","embeddable":true,"href":"https:\/\/losangeles.udec.cl\/index.php\/wp-json\/wp\/v2\/categories?post=284563"},{"taxonomy":"post_tag","embeddable":true,"href":"https:\/\/losangeles.udec.cl\/index.php\/wp-json\/wp\/v2\/tags?post=284563"}],"curies":[{"name":"wp","href":"https:\/\/api.w.org\/{rel}","templated":true}]}}