{"id":284558,"date":"2026-08-31T15:09:12","date_gmt":"2026-08-31T18:09:12","guid":{"rendered":"https:\/\/losangeles.udec.cl\/?p=284558"},"modified":"2026-08-31T15:09:50","modified_gmt":"2026-08-31T18:09:50","slug":"colombia-y-portugal-3-docentes-de-gestion-empresarial-se-adjudicaron-fondos-vrid-asistencia-a-evento-y-vinculacion-internacional-2026","status":"publish","type":"post","link":"https:\/\/losangeles.udec.cl\/index.php\/2026\/08\/31\/colombia-y-portugal-3-docentes-de-gestion-empresarial-se-adjudicaron-fondos-vrid-asistencia-a-evento-y-vinculacion-internacional-2026\/","title":{"rendered":"Colombia y Portugal: 3 docentes de Gesti\u00f3n Empresarial se adjudicaron fondos VRID Asistencia a Evento y Vinculaci\u00f3n Internacional 2026"},"content":{"rendered":"\n<p class=\"has-black-color has-luminous-vivid-amber-to-luminous-vivid-orange-gradient-background has-text-color has-background has-link-color has-medium-font-size wp-elements-1 wp-block-paragraph\"><em>Este financiamiento busca apoyar la realizaci\u00f3n de viajes considerados un aporte al trabajo de investigaci\u00f3n, innovaci\u00f3n y creaci\u00f3n de las y los acad\u00e9micos.<\/em><\/p>\n\n\n\n<p class=\"wp-block-paragraph\">Con gran entusiasmo el Departamento de Gesti\u00f3n Empresarial del Campus Los \u00c1ngeles recibi\u00f3 la noticia de la adjudicaci\u00f3n de los fondos VRID Asistencia Evento y Vinculaci\u00f3n Internacional por parte de 3 docentes.<\/p>\n\n\n\n<p class=\"wp-block-paragraph\">Se trata de las acad\u00e9micas Carmen Veloso Ramos y Sandra Sep\u00falveda Yelpo, junto al acad\u00e9mico Francisco D\u00edaz Pincheira, quienes asistir\u00e1n a diferentes eventos en Colombia y Portugal respectivamente.<\/p>\n\n\n\n<p class=\"wp-block-paragraph\">Para Sergio Rifo Rivera, director del departamento mencionado, que \u201cse hayan adjudicado estos fondos es un reconocimiento al trabajo sistem\u00e1tico y riguroso que impulsamos desde el departamento. Con su presencia en congresos de Colombia y Portugal, nuestra unidad afianza y expande simult\u00e1neamente redes en Sudam\u00e9rica y Europa este a\u00f1o\u201d.<\/p>\n\n\n\n<p class=\"wp-block-paragraph\">Adem\u00e1s, destac\u00f3 que \u201cesto refleja una potente descentralizaci\u00f3n de la ciencia: demuestra que desde los campus tambi\u00e9n hacemos investigaci\u00f3n de alto nivel y nos posicionamos con fuerza en escenarios internacionales. De estos espacios es de donde surgen las coautor\u00edas y publicaciones que consolidan nuestra madurez como departamento, y esperamos que el pr\u00f3ximo a\u00f1o sean a\u00fan m\u00e1s los colegas que se sumen a postular.&#8221;<\/p>\n\n\n\n<p class=\"wp-block-paragraph\"><strong>Actividades en el extranjero<\/strong><\/p>\n\n\n\n<p class=\"wp-block-paragraph\">La jefa de la carrera de Ingenier\u00eda Comercial y profesora asistente del Departamento de Gesti\u00f3n Empresarial, Carmen Veloso, participar\u00e1 del Congreso International Finance Conference 2026, Medill\u00edn Colombia (IFC 2026), instancia en la que presentar\u00e1 su trabajo \u201cAccounting Discretion in Intangible-Intensive Firms: Goodwill, Impairment, and Earnings Management under US GAAP\u201d.<\/p>\n\n\n\n<p class=\"wp-block-paragraph\">Este trabajo fue realizado en conjunto con los profesionales Leonardo Besoain del Departamento de Ingenier\u00eda Comercial, Universidad T\u00e9cnica Federico Santa Mar\u00eda, Chile y Karen Serrano de la Facultad de Ciencias Econ\u00f3micas y Empresariales, Universidad Metropolitana, Ecuador.<\/p>\n\n\n\n<p class=\"wp-block-paragraph\">Para Veloso \u201ces importante que los docentes no solo realicemos docencia, sino que adem\u00e1s tengamos una participaci\u00f3n activa en investigaci\u00f3n y actividades de vinculaci\u00f3n con el medio. El desarrollo de estos proyectos destacados de acad\u00e9micas del campus permite dar mayor visibilidad de un trabajo silencioso que poco a poco rinde sus frutos y son proyectados a publicaci\u00f3n en importantes revistas internacionales. Estas actividades aportan a la calidad acad\u00e9mica que debemos proyectar hacia nuestros estudiantes y la comunidad en general\u201d.<\/p>\n\n\n\n<p class=\"wp-block-paragraph\">Mientras que la jefa de carrera de Auditor\u00eda e investigadora del Campus Los \u00c1ngeles, Sandra Sep\u00falveda, acudir\u00e1 a la International Finance Conference (IFC 2026), que se realizar\u00e1 en la&nbsp;Universidad EAFIT, en Medell\u00edn, Colombia, donde presentar\u00e1 el trabajo titulado&nbsp;\u201cGreenwashing e inclusi\u00f3n financiera empresarial: evidencia en mercados emergentes\u201d.<\/p>\n\n\n\n<p class=\"wp-block-paragraph\">La docente visualiza que esta oportunidad permitir\u00e1 que \u201clos conocimientos y experiencias adquiridos ser\u00e1n incorporados en la docencia y contribuir\u00e1n al desarrollo de futuras investigaciones en esta l\u00ednea de estudio. Asimismo, esta participaci\u00f3n permitir\u00e1 fortalecer y proyectar internacionalmente la investigaci\u00f3n desarrollada desde el Campus Los \u00c1ngeles, estrechar v\u00ednculos con acad\u00e9micos e instituciones extranjeras y promover futuros convenios de colaboraci\u00f3n que beneficien a nuestra comunidad universitaria\u201d.<\/p>\n\n\n\n<p class=\"wp-block-paragraph\">En tanto el profesor del Departamento de Gesti\u00f3n Empresarial, Francisco D\u00edaz, realizar\u00e1 una estancia acad\u00e9mica en Porto, Portugal, participando en el 10th International Academic and Professional Congress on Happiness, donde presentar\u00e1 investigaciones relacionadas con bienestar y felicidad.<\/p>\n\n\n\n<p class=\"wp-block-paragraph\">Seg\u00fan expres\u00f3 \u201clos temas abordados durante la estancia est\u00e1n directamente relacionados con mi l\u00ednea de investigaci\u00f3n y con el Grupo de Investigaci\u00f3n en Bienestar Econ\u00f3mico y Organizacional, del cual soy codirector. Asimismo, se vinculan con la formaci\u00f3n de postgrado, especialmente con el Diplomado en Gesti\u00f3n de Personas y Felicidad Organizacional que dirijo, adem\u00e1s de diversas actividades de extensi\u00f3n, congresos y vinculaci\u00f3n acad\u00e9mica. Esto permitir\u00e1 transferir los conocimientos y redes generadas durante la estancia a distintas actividades acad\u00e9micas del Campus\u201d.<\/p>\n\n\n\n<p class=\"wp-block-paragraph\">De este modo, se destac\u00f3 el apoyo entregado por los fondos VRID, que permitir\u00e1n generan nexos con m\u00e1s profesionales que realizan investigaci\u00f3n en otras partes y contextos de nuestro planeta.<\/p>\n\n\n\n<figure data-wp-context=\"{&quot;galleryId&quot;:&quot;6a965ec563735&quot;}\" data-wp-interactive=\"core\/gallery\" class=\"wp-block-gallery has-nested-images columns-default is-cropped wp-block-gallery-1 is-layout-flex wp-block-gallery-is-layout-flex\">\n<figure data-wp-context=\"{&quot;imageId&quot;:&quot;6a965ec5645b1&quot;}\" data-wp-interactive=\"core\/image\" data-wp-key=\"6a965ec5645b1\" class=\"wp-block-image size-large wp-lightbox-container\"><img loading=\"lazy\" decoding=\"async\" width=\"750\" height=\"1000\" data-wp-class--hide=\"state.isContentHidden\" data-wp-class--show=\"state.isContentVisible\" data-wp-init=\"callbacks.setButtonStyles\" data-wp-on--click=\"actions.showLightbox\" data-wp-on--load=\"callbacks.setButtonStyles\" data-wp-on--pointerdown=\"actions.preloadImage\" data-wp-on--pointerenter=\"actions.preloadImageWithDelay\" data-wp-on--pointerleave=\"actions.cancelPreload\" data-wp-on-window--resize=\"callbacks.setButtonStyles\" data-id=\"284561\" src=\"https:\/\/losangeles.udec.cl\/wp-content\/uploads\/2026\/08\/WhatsApp-Image-2026-08-20-at-10.23.12-AM.jpeg\" alt=\"\" class=\"wp-image-284561\" srcset=\"https:\/\/losangeles.udec.cl\/wp-content\/uploads\/2026\/08\/WhatsApp-Image-2026-08-20-at-10.23.12-AM.jpeg 750w, https:\/\/losangeles.udec.cl\/wp-content\/uploads\/2026\/08\/WhatsApp-Image-2026-08-20-at-10.23.12-AM-480x640.jpeg 480w\" sizes=\"(min-width: 0px) and (max-width: 480px) 480px, (min-width: 481px) 750px, 100vw\" \/><button\n\t\t\tclass=\"lightbox-trigger\"\n\t\t\ttype=\"button\"\n\t\t\taria-haspopup=\"dialog\"\n\t\t\tdata-wp-bind--aria-label=\"state.thisImage.triggerButtonAriaLabel\"\n\t\t\tdata-wp-init=\"callbacks.initTriggerButton\"\n\t\t\tdata-wp-on--click=\"actions.showLightbox\"\n\t\t\tdata-wp-style--right=\"state.thisImage.buttonRight\"\n\t\t\tdata-wp-style--top=\"state.thisImage.buttonTop\"\n\t\t>\n\t\t\t<svg xmlns=\"http:\/\/www.w3.org\/2000\/svg\" width=\"12\" height=\"12\" fill=\"none\" viewBox=\"0 0 12 12\">\n\t\t\t\t<path fill=\"#fff\" d=\"M2 0a2 2 0 0 0-2 2v2h1.5V2a.5.5 0 0 1 .5-.5h2V0H2Zm2 10.5H2a.5.5 0 0 1-.5-.5V8H0v2a2 2 0 0 0 2 2h2v-1.5ZM8 12v-1.5h2a.5.5 0 0 0 .5-.5V8H12v2a2 2 0 0 1-2 2H8Zm2-12a2 2 0 0 1 2 2v2h-1.5V2a.5.5 0 0 0-.5-.5H8V0h2Z\" \/>\n\t\t\t<\/svg>\n\t\t<\/button><\/figure>\n\n\n\n<figure data-wp-context=\"{&quot;imageId&quot;:&quot;6a965ec564901&quot;}\" data-wp-interactive=\"core\/image\" data-wp-key=\"6a965ec564901\" class=\"wp-block-image size-large wp-lightbox-container\"><img loading=\"lazy\" decoding=\"async\" width=\"750\" height=\"1000\" data-wp-class--hide=\"state.isContentHidden\" data-wp-class--show=\"state.isContentVisible\" data-wp-init=\"callbacks.setButtonStyles\" data-wp-on--click=\"actions.showLightbox\" data-wp-on--load=\"callbacks.setButtonStyles\" data-wp-on--pointerdown=\"actions.preloadImage\" data-wp-on--pointerenter=\"actions.preloadImageWithDelay\" data-wp-on--pointerleave=\"actions.cancelPreload\" data-wp-on-window--resize=\"callbacks.setButtonStyles\" data-id=\"284560\" src=\"https:\/\/losangeles.udec.cl\/wp-content\/uploads\/2026\/08\/WhatsApp-Image-2026-08-20-at-10.23.55-AM.jpeg\" alt=\"\" class=\"wp-image-284560\" srcset=\"https:\/\/losangeles.udec.cl\/wp-content\/uploads\/2026\/08\/WhatsApp-Image-2026-08-20-at-10.23.55-AM.jpeg 750w, https:\/\/losangeles.udec.cl\/wp-content\/uploads\/2026\/08\/WhatsApp-Image-2026-08-20-at-10.23.55-AM-480x640.jpeg 480w\" sizes=\"(min-width: 0px) and (max-width: 480px) 480px, (min-width: 481px) 750px, 100vw\" \/><button\n\t\t\tclass=\"lightbox-trigger\"\n\t\t\ttype=\"button\"\n\t\t\taria-haspopup=\"dialog\"\n\t\t\tdata-wp-bind--aria-label=\"state.thisImage.triggerButtonAriaLabel\"\n\t\t\tdata-wp-init=\"callbacks.initTriggerButton\"\n\t\t\tdata-wp-on--click=\"actions.showLightbox\"\n\t\t\tdata-wp-style--right=\"state.thisImage.buttonRight\"\n\t\t\tdata-wp-style--top=\"state.thisImage.buttonTop\"\n\t\t>\n\t\t\t<svg xmlns=\"http:\/\/www.w3.org\/2000\/svg\" width=\"12\" height=\"12\" fill=\"none\" viewBox=\"0 0 12 12\">\n\t\t\t\t<path fill=\"#fff\" d=\"M2 0a2 2 0 0 0-2 2v2h1.5V2a.5.5 0 0 1 .5-.5h2V0H2Zm2 10.5H2a.5.5 0 0 1-.5-.5V8H0v2a2 2 0 0 0 2 2h2v-1.5ZM8 12v-1.5h2a.5.5 0 0 0 .5-.5V8H12v2a2 2 0 0 1-2 2H8Zm2-12a2 2 0 0 1 2 2v2h-1.5V2a.5.5 0 0 0-.5-.5H8V0h2Z\" \/>\n\t\t\t<\/svg>\n\t\t<\/button><\/figure>\n<\/figure>\n","protected":false},"excerpt":{"rendered":"<p>Este financiamiento busca apoyar la realizaci\u00f3n de viajes considerados un aporte al trabajo de investigaci\u00f3n, innovaci\u00f3n y creaci\u00f3n de las y los acad\u00e9micos. Con gran entusiasmo el Departamento de Gesti\u00f3n [&hellip;]<\/p>\n","protected":false},"author":9,"featured_media":284561,"comment_status":"open","ping_status":"open","sticky":false,"template":"","format":"standard","meta":{"_et_pb_use_builder":"off","_et_pb_old_content":"","_et_gb_content_width":"","footnotes":""},"categories":[7],"tags":[39,51,57,38,48,19,49,52],"class_list":["post-284558","post","type-post","status-publish","format-standard","has-post-thumbnail","hentry","category-noticias","tag-campus","tag-escuela-de-ciencias-y-tecnologias","tag-escuela-de-educacion","tag-gestion-empresarial-2","tag-los-angeles-2","tag-udec","tag-universidad-de-concepcion","tag-vinculacion-con-el-medio"],"_links":{"self":[{"href":"https:\/\/losangeles.udec.cl\/index.php\/wp-json\/wp\/v2\/posts\/284558","targetHints":{"allow":["GET"]}}],"collection":[{"href":"https:\/\/losangeles.udec.cl\/index.php\/wp-json\/wp\/v2\/posts"}],"about":[{"href":"https:\/\/losangeles.udec.cl\/index.php\/wp-json\/wp\/v2\/types\/post"}],"author":[{"embeddable":true,"href":"https:\/\/losangeles.udec.cl\/index.php\/wp-json\/wp\/v2\/users\/9"}],"replies":[{"embeddable":true,"href":"https:\/\/losangeles.udec.cl\/index.php\/wp-json\/wp\/v2\/comments?post=284558"}],"version-history":[{"count":2,"href":"https:\/\/losangeles.udec.cl\/index.php\/wp-json\/wp\/v2\/posts\/284558\/revisions"}],"predecessor-version":[{"id":284562,"href":"https:\/\/losangeles.udec.cl\/index.php\/wp-json\/wp\/v2\/posts\/284558\/revisions\/284562"}],"wp:featuredmedia":[{"embeddable":true,"href":"https:\/\/losangeles.udec.cl\/index.php\/wp-json\/wp\/v2\/media\/284561"}],"wp:attachment":[{"href":"https:\/\/losangeles.udec.cl\/index.php\/wp-json\/wp\/v2\/media?parent=284558"}],"wp:term":[{"taxonomy":"category","embeddable":true,"href":"https:\/\/losangeles.udec.cl\/index.php\/wp-json\/wp\/v2\/categories?post=284558"},{"taxonomy":"post_tag","embeddable":true,"href":"https:\/\/losangeles.udec.cl\/index.php\/wp-json\/wp\/v2\/tags?post=284558"}],"curies":[{"name":"wp","href":"https:\/\/api.w.org\/{rel}","templated":true}]}}